{"id":18509,"date":"2024-11-21T14:20:56","date_gmt":"2024-11-21T14:20:56","guid":{"rendered":"https:\/\/ficobaunire.org\/unire-avance-avec-force-plus-de-quatre-mois-avant-sa-tenue-70-de-lespace-dexposition-a-deja-ete-reserve\/"},"modified":"2024-12-10T22:12:58","modified_gmt":"2024-12-10T22:12:58","slug":"unire-avance-avec-force-plus-de-quatre-mois-avant-sa-tenue-70-de-lespace-dexposition-a-deja-ete-reserve","status":"publish","type":"post","link":"https:\/\/ficobaunire.org\/fr\/unire-avance-avec-force-plus-de-quatre-mois-avant-sa-tenue-70-de-lespace-dexposition-a-deja-ete-reserve\/","title":{"rendered":"UNIRE avance avec force : plus de quatre mois avant sa tenue, 70 % de l\u2019espace d\u2019exposition a d\u00e9j\u00e0 \u00e9t\u00e9 r\u00e9serv\u00e9"},"content":{"rendered":"\n<ul class=\"wp-block-list\">\n<li><strong>Le salon professionnel sp\u00e9cialis\u00e9 dans la soudure et les technologies d\u2019assemblage sera de retour \u00e0 Ficoba les 18 et 19 mars<\/strong><\/li>\n\n\n\n<li><strong>Early Bird pour les entreprises exposantes jusqu\u2019au 28 novembre<\/strong><\/li>\n<\/ul>\n\n<p><em>(Irun, 8 novembre 2024).<\/em> La deuxi\u00e8me \u00e9dition d\u2019UNIRE, le salon de la soudure et d\u2019autres technologies d\u2019assemblage organis\u00e9 par Ficoba en collaboration avec CESOL, est attendue avec impatience par le secteur industriel. Plus de quatre mois avant sa tenue, 70 % de son espace d\u2019exposition a d\u00e9j\u00e0 \u00e9t\u00e9 r\u00e9serv\u00e9. Parmi les entreprises participantes, nous pouvons citer des entreprises ayant d\u00e9j\u00e0 particip\u00e9 \u00e0 la premi\u00e8re \u00e9dition et de nouvelles entreprises attir\u00e9es par le succ\u00e8s de la premi\u00e8re \u00e9dition. La liste mise \u00e0 jour d\u2019exposants est disponible sur le site officiel <a href=\"https:\/\/ficobaunire.org\/listado-expositores-unire\/\">d\u2019UNIRE.<\/a>   <\/p>\n\n<p>UNIRE s\u2019est consolid\u00e9 comme le principal point de rencontre pour l\u2019\u00e9cosyst\u00e8me d\u2019entreprises qui proposent et qui demandent des solutions pour l\u2019assemblage de mat\u00e9riaux. Cette ann\u00e9e, ce salon r\u00e9unira \u00e0 nouveau des entreprises exposantes de premier ordre, qui auront acc\u00e8s \u00e0 un public du secteur industriel sp\u00e9cialis\u00e9 dans les technologies de soudage. Ce salon attire des professionnels de secteurs industrialis\u00e9s d\u2019Espagne et du Sud-ouest de la France, ainsi que des professionnels de la soudure, des acheteurs et des d\u00e9cideurs d\u2019achat d\u2019entreprises en forte demande de technologies d\u2019assemblage.  <\/p>\n\n<p><strong>Collaboration avec CESOL et comp\u00e9tition de soudure avec \u00e0 la cl\u00e9 une place pour participer au championnat du monde<\/strong><\/p>\n\n<p>UNIRE renouvelle son partenariat avec CESOL (Association espagnole de soudure et de technologies d\u2019assemblage), une collaboration qui a \u00e9t\u00e9 la cl\u00e9 du succ\u00e8s du salon, qui est le seul sommet industriel professionnel d\u2019Espagne consacr\u00e9 exclusivement \u00e0 l\u2019assemblage de mat\u00e9riaux et \u00e0 leurs technologies.<\/p>\n\n<p>De plus, UNIRE accueillera \u00e0 nouveau la comp\u00e9tition de soudure qui s\u2019adresse aux \u00e9tudiants et aux jeunes professionnels, avec une attraction sp\u00e9ciale : les gagnants remporteront une place pour participer au championnat du monde de soudure qui se tiendra \u00e0 Essen, en Allemagne. Des centres de formation d\u2019Alicante, des Asturies, de Cantabrie, de Cordoue, d\u2019Euskadi, de Huelva, de Logro\u00f1o, de Madrid, de Murcie, de Navarre et de Saragosse pr\u00e9parent d\u00e9j\u00e0 leurs repr\u00e9sentants pour les \u00e9preuves de soudage MAG (Proc\u00e9d\u00e9 135), soudage TIG (Proc\u00e9d\u00e9 141) et soudage \u00e0 l\u2019\u00e9lectrode enrob\u00e9e (Proc\u00e9d\u00e9 111), coordonn\u00e9es par CESOL. <\/p>\n\n<p><strong>Call for Speakers et tables rondes<\/strong><\/p>\n\n<p>UNIRE a \u00e9galement ouvert le <em>Call for Speakers.<\/em> Cette ann\u00e9e, les conf\u00e9rences seront organis\u00e9es autour de tables rondes, au cours desquelles des entreprises exposantes et des experts du secteur partageront les derni\u00e8res innovations et les tendances en mati\u00e8re de soudure et de technologies d\u2019assemblage. Ces s\u00e9ances porteront sur des sujets d\u2019actualit\u00e9 et offriront un espace unique pour le partage de connaissances.  <\/p>\n\n<p><strong>Derniers jours pour profiter de la r\u00e9duction Early Bird<\/strong><\/p>\n\n<p>Les entreprises qui souhaitent participer peuvent encore b\u00e9n\u00e9ficier de la r\u00e9duction Early Bird, disponible jusqu\u2019au 28 novembre. Cette opportunit\u00e9 permet aux compagnies de garantir leur pr\u00e9sence au salon \u00e0 un prix r\u00e9duit et d\u2019avoir acc\u00e8s \u00e0 un public hautement sp\u00e9cialis\u00e9 dans le secteur de la soudure et des technologies d\u2019assemblage. <\/p>\n\n<p><strong>\u00c0 propos d\u2019UNIRE<\/strong><\/p>\n\n<p>UNIRE est le salon professionnel sp\u00e9cialis\u00e9 dans la soudure et les technologies d\u2019assemblage multi-mat\u00e9riaux, promu par Ficoba en collaboration avec CESOL. Il vise \u00e0 r\u00e9unir l\u2019\u00e9cosyst\u00e8me d\u2019entreprises du secteur afin d\u2019encourager la g\u00e9n\u00e9ration d\u2019activit\u00e9s, le partage de connaissances et le talent jeune. UNIRE se tiendra les 18 et 19 mars dans le parc des expositions de Ficoba.  <\/p>\n","protected":false},"excerpt":{"rendered":"<p>(Irun, 8 novembre 2024). La deuxi\u00e8me \u00e9dition d\u2019UNIRE, le salon de la soudure et d\u2019autres technologies d\u2019assemblage organis\u00e9 par Ficoba en collaboration avec CESOL, est attendue avec impatience par le secteur industriel. Plus de quatre mois avant sa tenue, 70 % de son espace d\u2019exposition a d\u00e9j\u00e0 \u00e9t\u00e9 r\u00e9serv\u00e9. Parmi les entreprises participantes, nous pouvons [&hellip;]<\/p>\n","protected":false},"author":5,"featured_media":17815,"comment_status":"open","ping_status":"open","sticky":false,"template":"","format":"standard","meta":{"footnotes":""},"categories":[93],"tags":[],"class_list":["post-18509","post","type-post","status-publish","format-standard","has-post-thumbnail","hentry","category-edition-2025"],"yoast_head":"<!-- This site is optimized with the Yoast SEO plugin v26.8 - https:\/\/yoast.com\/product\/yoast-seo-wordpress\/ -->\n<title>UNIRE avance avec force : plus de quatre mois avant sa tenue, 70 % de l\u2019espace d\u2019exposition a d\u00e9j\u00e0 \u00e9t\u00e9 r\u00e9serv\u00e9 - Unire<\/title>\n<meta name=\"robots\" content=\"index, follow, max-snippet:-1, max-image-preview:large, max-video-preview:-1\" \/>\n<link rel=\"canonical\" href=\"https:\/\/ficobaunire.org\/unire-avanza-con-fuerza-a-mas-de-cuatro-meses-de-su-celebracion-ya-se-ha-reservado-el-70-del-espacio-expositivo\/\" \/>\n<meta property=\"og:locale\" content=\"fr_FR\" \/>\n<meta property=\"og:type\" content=\"article\" \/>\n<meta property=\"og:title\" content=\"UNIRE avance avec force : plus de quatre mois avant sa tenue, 70 % de l\u2019espace d\u2019exposition a d\u00e9j\u00e0 \u00e9t\u00e9 r\u00e9serv\u00e9 - Unire\" \/>\n<meta property=\"og:description\" content=\"(Irun, 8 novembre 2024). La deuxi\u00e8me \u00e9dition d\u2019UNIRE, le salon de la soudure et d\u2019autres technologies d\u2019assemblage organis\u00e9 par Ficoba en collaboration avec CESOL, est attendue avec impatience par le secteur industriel. Plus de quatre mois avant sa tenue, 70 % de son espace d\u2019exposition a d\u00e9j\u00e0 \u00e9t\u00e9 r\u00e9serv\u00e9. Parmi les entreprises participantes, nous pouvons [&hellip;]\" \/>\n<meta property=\"og:url\" content=\"https:\/\/ficobaunire.org\/unire-avanza-con-fuerza-a-mas-de-cuatro-meses-de-su-celebracion-ya-se-ha-reservado-el-70-del-espacio-expositivo\/\" \/>\n<meta property=\"og:site_name\" content=\"Unire\" \/>\n<meta property=\"article:published_time\" content=\"2024-11-21T14:20:56+00:00\" \/>\n<meta property=\"article:modified_time\" content=\"2024-12-10T22:12:58+00:00\" \/>\n<meta property=\"og:image\" content=\"https:\/\/ficobaunire.org\/wp-content\/uploads\/2024\/11\/2303-FICOBA-UNIRE_051b.jpg\" \/>\n\t<meta property=\"og:image:width\" content=\"1800\" \/>\n\t<meta property=\"og:image:height\" content=\"1200\" \/>\n\t<meta property=\"og:image:type\" content=\"image\/jpeg\" \/>\n<meta name=\"author\" content=\"monica alday\" \/>\n<meta name=\"twitter:card\" content=\"summary_large_image\" \/>\n<meta name=\"twitter:label1\" content=\"\u00c9crit par\" \/>\n\t<meta name=\"twitter:data1\" content=\"monica alday\" \/>\n\t<meta name=\"twitter:label2\" content=\"Dur\u00e9e de lecture estim\u00e9e\" \/>\n\t<meta name=\"twitter:data2\" content=\"3 minutes\" \/>\n<script type=\"application\/ld+json\" class=\"yoast-schema-graph\">{\"@context\":\"https:\/\/schema.org\",\"@graph\":[{\"@type\":\"Article\",\"@id\":\"https:\/\/ficobaunire.org\/unire-avanza-con-fuerza-a-mas-de-cuatro-meses-de-su-celebracion-ya-se-ha-reservado-el-70-del-espacio-expositivo\/#article\",\"isPartOf\":{\"@id\":\"https:\/\/ficobaunire.org\/unire-avanza-con-fuerza-a-mas-de-cuatro-meses-de-su-celebracion-ya-se-ha-reservado-el-70-del-espacio-expositivo\/\"},\"author\":{\"name\":\"monica alday\",\"@id\":\"https:\/\/ficobaunire.org\/#\/schema\/person\/eabce01ca0449360071cbd804d6988f6\"},\"headline\":\"UNIRE avance avec force : plus de quatre mois avant sa tenue, 70 % de l\u2019espace d\u2019exposition a d\u00e9j\u00e0 \u00e9t\u00e9 r\u00e9serv\u00e9\",\"datePublished\":\"2024-11-21T14:20:56+00:00\",\"dateModified\":\"2024-12-10T22:12:58+00:00\",\"mainEntityOfPage\":{\"@id\":\"https:\/\/ficobaunire.org\/unire-avanza-con-fuerza-a-mas-de-cuatro-meses-de-su-celebracion-ya-se-ha-reservado-el-70-del-espacio-expositivo\/\"},\"wordCount\":627,\"commentCount\":0,\"publisher\":{\"@id\":\"https:\/\/ficobaunire.org\/#organization\"},\"image\":{\"@id\":\"https:\/\/ficobaunire.org\/unire-avanza-con-fuerza-a-mas-de-cuatro-meses-de-su-celebracion-ya-se-ha-reservado-el-70-del-espacio-expositivo\/#primaryimage\"},\"thumbnailUrl\":\"https:\/\/ficobaunire.org\/wp-content\/uploads\/2024\/11\/2303-FICOBA-UNIRE_051b.jpg\",\"articleSection\":[\"\u00c9dition 2025\"],\"inLanguage\":\"fr-FR\",\"potentialAction\":[{\"@type\":\"CommentAction\",\"name\":\"Comment\",\"target\":[\"https:\/\/ficobaunire.org\/unire-avanza-con-fuerza-a-mas-de-cuatro-meses-de-su-celebracion-ya-se-ha-reservado-el-70-del-espacio-expositivo\/#respond\"]}]},{\"@type\":\"WebPage\",\"@id\":\"https:\/\/ficobaunire.org\/unire-avanza-con-fuerza-a-mas-de-cuatro-meses-de-su-celebracion-ya-se-ha-reservado-el-70-del-espacio-expositivo\/\",\"url\":\"https:\/\/ficobaunire.org\/unire-avanza-con-fuerza-a-mas-de-cuatro-meses-de-su-celebracion-ya-se-ha-reservado-el-70-del-espacio-expositivo\/\",\"name\":\"UNIRE avance avec force : plus de quatre mois avant sa tenue, 70 % de l\u2019espace d\u2019exposition a d\u00e9j\u00e0 \u00e9t\u00e9 r\u00e9serv\u00e9 - Unire\",\"isPartOf\":{\"@id\":\"https:\/\/ficobaunire.org\/#website\"},\"primaryImageOfPage\":{\"@id\":\"https:\/\/ficobaunire.org\/unire-avanza-con-fuerza-a-mas-de-cuatro-meses-de-su-celebracion-ya-se-ha-reservado-el-70-del-espacio-expositivo\/#primaryimage\"},\"image\":{\"@id\":\"https:\/\/ficobaunire.org\/unire-avanza-con-fuerza-a-mas-de-cuatro-meses-de-su-celebracion-ya-se-ha-reservado-el-70-del-espacio-expositivo\/#primaryimage\"},\"thumbnailUrl\":\"https:\/\/ficobaunire.org\/wp-content\/uploads\/2024\/11\/2303-FICOBA-UNIRE_051b.jpg\",\"datePublished\":\"2024-11-21T14:20:56+00:00\",\"dateModified\":\"2024-12-10T22:12:58+00:00\",\"breadcrumb\":{\"@id\":\"https:\/\/ficobaunire.org\/unire-avanza-con-fuerza-a-mas-de-cuatro-meses-de-su-celebracion-ya-se-ha-reservado-el-70-del-espacio-expositivo\/#breadcrumb\"},\"inLanguage\":\"fr-FR\",\"potentialAction\":[{\"@type\":\"ReadAction\",\"target\":[\"https:\/\/ficobaunire.org\/unire-avanza-con-fuerza-a-mas-de-cuatro-meses-de-su-celebracion-ya-se-ha-reservado-el-70-del-espacio-expositivo\/\"]}]},{\"@type\":\"ImageObject\",\"inLanguage\":\"fr-FR\",\"@id\":\"https:\/\/ficobaunire.org\/unire-avanza-con-fuerza-a-mas-de-cuatro-meses-de-su-celebracion-ya-se-ha-reservado-el-70-del-espacio-expositivo\/#primaryimage\",\"url\":\"https:\/\/ficobaunire.org\/wp-content\/uploads\/2024\/11\/2303-FICOBA-UNIRE_051b.jpg\",\"contentUrl\":\"https:\/\/ficobaunire.org\/wp-content\/uploads\/2024\/11\/2303-FICOBA-UNIRE_051b.jpg\",\"width\":1800,\"height\":1200},{\"@type\":\"BreadcrumbList\",\"@id\":\"https:\/\/ficobaunire.org\/unire-avanza-con-fuerza-a-mas-de-cuatro-meses-de-su-celebracion-ya-se-ha-reservado-el-70-del-espacio-expositivo\/#breadcrumb\",\"itemListElement\":[{\"@type\":\"ListItem\",\"position\":1,\"name\":\"Portada\",\"item\":\"https:\/\/ficobaunire.org\/fr\/home\/\"},{\"@type\":\"ListItem\",\"position\":2,\"name\":\"UNIRE avance avec force : plus de quatre mois avant sa tenue, 70 % de l\u2019espace d\u2019exposition a d\u00e9j\u00e0 \u00e9t\u00e9 r\u00e9serv\u00e9\"}]},{\"@type\":\"WebSite\",\"@id\":\"https:\/\/ficobaunire.org\/#website\",\"url\":\"https:\/\/ficobaunire.org\/\",\"name\":\"Unire\",\"description\":\"SALON PROFESSIONNEL DE LA SOUDURE ET D'AUTRES TECHNOLOGIES DE JONCTION\",\"publisher\":{\"@id\":\"https:\/\/ficobaunire.org\/#organization\"},\"potentialAction\":[{\"@type\":\"SearchAction\",\"target\":{\"@type\":\"EntryPoint\",\"urlTemplate\":\"https:\/\/ficobaunire.org\/?s={search_term_string}\"},\"query-input\":{\"@type\":\"PropertyValueSpecification\",\"valueRequired\":true,\"valueName\":\"search_term_string\"}}],\"inLanguage\":\"fr-FR\"},{\"@type\":\"Organization\",\"@id\":\"https:\/\/ficobaunire.org\/#organization\",\"name\":\"Unire\",\"url\":\"https:\/\/ficobaunire.org\/\",\"logo\":{\"@type\":\"ImageObject\",\"inLanguage\":\"fr-FR\",\"@id\":\"https:\/\/ficobaunire.org\/#\/schema\/logo\/image\/\",\"url\":\"https:\/\/ficobaunire.org\/wp-content\/uploads\/2024\/10\/logo_unire_LI.png\",\"contentUrl\":\"https:\/\/ficobaunire.org\/wp-content\/uploads\/2024\/10\/logo_unire_LI.png\",\"width\":130,\"height\":48,\"caption\":\"Unire\"},\"image\":{\"@id\":\"https:\/\/ficobaunire.org\/#\/schema\/logo\/image\/\"}},{\"@type\":\"Person\",\"@id\":\"https:\/\/ficobaunire.org\/#\/schema\/person\/eabce01ca0449360071cbd804d6988f6\",\"name\":\"monica alday\",\"image\":{\"@type\":\"ImageObject\",\"inLanguage\":\"fr-FR\",\"@id\":\"https:\/\/ficobaunire.org\/#\/schema\/person\/image\/\",\"url\":\"https:\/\/secure.gravatar.com\/avatar\/7b6843eb9b7a192f443247f22c05efcb1a43865a78b132670213de480b477eaa?s=96&d=mm&r=g\",\"contentUrl\":\"https:\/\/secure.gravatar.com\/avatar\/7b6843eb9b7a192f443247f22c05efcb1a43865a78b132670213de480b477eaa?s=96&d=mm&r=g\",\"caption\":\"monica alday\"},\"url\":\"https:\/\/ficobaunire.org\/fr\/author\/monica\/\"}]}<\/script>\n<!-- \/ Yoast SEO plugin. -->","yoast_head_json":{"title":"UNIRE avance avec force : plus de quatre mois avant sa tenue, 70 % de l\u2019espace d\u2019exposition a d\u00e9j\u00e0 \u00e9t\u00e9 r\u00e9serv\u00e9 - Unire","robots":{"index":"index","follow":"follow","max-snippet":"max-snippet:-1","max-image-preview":"max-image-preview:large","max-video-preview":"max-video-preview:-1"},"canonical":"https:\/\/ficobaunire.org\/unire-avanza-con-fuerza-a-mas-de-cuatro-meses-de-su-celebracion-ya-se-ha-reservado-el-70-del-espacio-expositivo\/","og_locale":"fr_FR","og_type":"article","og_title":"UNIRE avance avec force : plus de quatre mois avant sa tenue, 70 % de l\u2019espace d\u2019exposition a d\u00e9j\u00e0 \u00e9t\u00e9 r\u00e9serv\u00e9 - Unire","og_description":"(Irun, 8 novembre 2024). La deuxi\u00e8me \u00e9dition d\u2019UNIRE, le salon de la soudure et d\u2019autres technologies d\u2019assemblage organis\u00e9 par Ficoba en collaboration avec CESOL, est attendue avec impatience par le secteur industriel. Plus de quatre mois avant sa tenue, 70 % de son espace d\u2019exposition a d\u00e9j\u00e0 \u00e9t\u00e9 r\u00e9serv\u00e9. Parmi les entreprises participantes, nous pouvons [&hellip;]","og_url":"https:\/\/ficobaunire.org\/unire-avanza-con-fuerza-a-mas-de-cuatro-meses-de-su-celebracion-ya-se-ha-reservado-el-70-del-espacio-expositivo\/","og_site_name":"Unire","article_published_time":"2024-11-21T14:20:56+00:00","article_modified_time":"2024-12-10T22:12:58+00:00","og_image":[{"width":1800,"height":1200,"url":"https:\/\/ficobaunire.org\/wp-content\/uploads\/2024\/11\/2303-FICOBA-UNIRE_051b.jpg","type":"image\/jpeg"}],"author":"monica alday","twitter_card":"summary_large_image","twitter_misc":{"\u00c9crit par":"monica alday","Dur\u00e9e de lecture estim\u00e9e":"3 minutes"},"schema":{"@context":"https:\/\/schema.org","@graph":[{"@type":"Article","@id":"https:\/\/ficobaunire.org\/unire-avanza-con-fuerza-a-mas-de-cuatro-meses-de-su-celebracion-ya-se-ha-reservado-el-70-del-espacio-expositivo\/#article","isPartOf":{"@id":"https:\/\/ficobaunire.org\/unire-avanza-con-fuerza-a-mas-de-cuatro-meses-de-su-celebracion-ya-se-ha-reservado-el-70-del-espacio-expositivo\/"},"author":{"name":"monica alday","@id":"https:\/\/ficobaunire.org\/#\/schema\/person\/eabce01ca0449360071cbd804d6988f6"},"headline":"UNIRE avance avec force : plus de quatre mois avant sa tenue, 70 % de l\u2019espace d\u2019exposition a d\u00e9j\u00e0 \u00e9t\u00e9 r\u00e9serv\u00e9","datePublished":"2024-11-21T14:20:56+00:00","dateModified":"2024-12-10T22:12:58+00:00","mainEntityOfPage":{"@id":"https:\/\/ficobaunire.org\/unire-avanza-con-fuerza-a-mas-de-cuatro-meses-de-su-celebracion-ya-se-ha-reservado-el-70-del-espacio-expositivo\/"},"wordCount":627,"commentCount":0,"publisher":{"@id":"https:\/\/ficobaunire.org\/#organization"},"image":{"@id":"https:\/\/ficobaunire.org\/unire-avanza-con-fuerza-a-mas-de-cuatro-meses-de-su-celebracion-ya-se-ha-reservado-el-70-del-espacio-expositivo\/#primaryimage"},"thumbnailUrl":"https:\/\/ficobaunire.org\/wp-content\/uploads\/2024\/11\/2303-FICOBA-UNIRE_051b.jpg","articleSection":["\u00c9dition 2025"],"inLanguage":"fr-FR","potentialAction":[{"@type":"CommentAction","name":"Comment","target":["https:\/\/ficobaunire.org\/unire-avanza-con-fuerza-a-mas-de-cuatro-meses-de-su-celebracion-ya-se-ha-reservado-el-70-del-espacio-expositivo\/#respond"]}]},{"@type":"WebPage","@id":"https:\/\/ficobaunire.org\/unire-avanza-con-fuerza-a-mas-de-cuatro-meses-de-su-celebracion-ya-se-ha-reservado-el-70-del-espacio-expositivo\/","url":"https:\/\/ficobaunire.org\/unire-avanza-con-fuerza-a-mas-de-cuatro-meses-de-su-celebracion-ya-se-ha-reservado-el-70-del-espacio-expositivo\/","name":"UNIRE avance avec force : plus de quatre mois avant sa tenue, 70 % de l\u2019espace d\u2019exposition a d\u00e9j\u00e0 \u00e9t\u00e9 r\u00e9serv\u00e9 - Unire","isPartOf":{"@id":"https:\/\/ficobaunire.org\/#website"},"primaryImageOfPage":{"@id":"https:\/\/ficobaunire.org\/unire-avanza-con-fuerza-a-mas-de-cuatro-meses-de-su-celebracion-ya-se-ha-reservado-el-70-del-espacio-expositivo\/#primaryimage"},"image":{"@id":"https:\/\/ficobaunire.org\/unire-avanza-con-fuerza-a-mas-de-cuatro-meses-de-su-celebracion-ya-se-ha-reservado-el-70-del-espacio-expositivo\/#primaryimage"},"thumbnailUrl":"https:\/\/ficobaunire.org\/wp-content\/uploads\/2024\/11\/2303-FICOBA-UNIRE_051b.jpg","datePublished":"2024-11-21T14:20:56+00:00","dateModified":"2024-12-10T22:12:58+00:00","breadcrumb":{"@id":"https:\/\/ficobaunire.org\/unire-avanza-con-fuerza-a-mas-de-cuatro-meses-de-su-celebracion-ya-se-ha-reservado-el-70-del-espacio-expositivo\/#breadcrumb"},"inLanguage":"fr-FR","potentialAction":[{"@type":"ReadAction","target":["https:\/\/ficobaunire.org\/unire-avanza-con-fuerza-a-mas-de-cuatro-meses-de-su-celebracion-ya-se-ha-reservado-el-70-del-espacio-expositivo\/"]}]},{"@type":"ImageObject","inLanguage":"fr-FR","@id":"https:\/\/ficobaunire.org\/unire-avanza-con-fuerza-a-mas-de-cuatro-meses-de-su-celebracion-ya-se-ha-reservado-el-70-del-espacio-expositivo\/#primaryimage","url":"https:\/\/ficobaunire.org\/wp-content\/uploads\/2024\/11\/2303-FICOBA-UNIRE_051b.jpg","contentUrl":"https:\/\/ficobaunire.org\/wp-content\/uploads\/2024\/11\/2303-FICOBA-UNIRE_051b.jpg","width":1800,"height":1200},{"@type":"BreadcrumbList","@id":"https:\/\/ficobaunire.org\/unire-avanza-con-fuerza-a-mas-de-cuatro-meses-de-su-celebracion-ya-se-ha-reservado-el-70-del-espacio-expositivo\/#breadcrumb","itemListElement":[{"@type":"ListItem","position":1,"name":"Portada","item":"https:\/\/ficobaunire.org\/fr\/home\/"},{"@type":"ListItem","position":2,"name":"UNIRE avance avec force : plus de quatre mois avant sa tenue, 70 % de l\u2019espace d\u2019exposition a d\u00e9j\u00e0 \u00e9t\u00e9 r\u00e9serv\u00e9"}]},{"@type":"WebSite","@id":"https:\/\/ficobaunire.org\/#website","url":"https:\/\/ficobaunire.org\/","name":"Unire","description":"SALON PROFESSIONNEL DE LA SOUDURE ET D'AUTRES TECHNOLOGIES DE JONCTION","publisher":{"@id":"https:\/\/ficobaunire.org\/#organization"},"potentialAction":[{"@type":"SearchAction","target":{"@type":"EntryPoint","urlTemplate":"https:\/\/ficobaunire.org\/?s={search_term_string}"},"query-input":{"@type":"PropertyValueSpecification","valueRequired":true,"valueName":"search_term_string"}}],"inLanguage":"fr-FR"},{"@type":"Organization","@id":"https:\/\/ficobaunire.org\/#organization","name":"Unire","url":"https:\/\/ficobaunire.org\/","logo":{"@type":"ImageObject","inLanguage":"fr-FR","@id":"https:\/\/ficobaunire.org\/#\/schema\/logo\/image\/","url":"https:\/\/ficobaunire.org\/wp-content\/uploads\/2024\/10\/logo_unire_LI.png","contentUrl":"https:\/\/ficobaunire.org\/wp-content\/uploads\/2024\/10\/logo_unire_LI.png","width":130,"height":48,"caption":"Unire"},"image":{"@id":"https:\/\/ficobaunire.org\/#\/schema\/logo\/image\/"}},{"@type":"Person","@id":"https:\/\/ficobaunire.org\/#\/schema\/person\/eabce01ca0449360071cbd804d6988f6","name":"monica alday","image":{"@type":"ImageObject","inLanguage":"fr-FR","@id":"https:\/\/ficobaunire.org\/#\/schema\/person\/image\/","url":"https:\/\/secure.gravatar.com\/avatar\/7b6843eb9b7a192f443247f22c05efcb1a43865a78b132670213de480b477eaa?s=96&d=mm&r=g","contentUrl":"https:\/\/secure.gravatar.com\/avatar\/7b6843eb9b7a192f443247f22c05efcb1a43865a78b132670213de480b477eaa?s=96&d=mm&r=g","caption":"monica alday"},"url":"https:\/\/ficobaunire.org\/fr\/author\/monica\/"}]}},"_links":{"self":[{"href":"https:\/\/ficobaunire.org\/fr\/wp-json\/wp\/v2\/posts\/18509","targetHints":{"allow":["GET"]}}],"collection":[{"href":"https:\/\/ficobaunire.org\/fr\/wp-json\/wp\/v2\/posts"}],"about":[{"href":"https:\/\/ficobaunire.org\/fr\/wp-json\/wp\/v2\/types\/post"}],"author":[{"embeddable":true,"href":"https:\/\/ficobaunire.org\/fr\/wp-json\/wp\/v2\/users\/5"}],"replies":[{"embeddable":true,"href":"https:\/\/ficobaunire.org\/fr\/wp-json\/wp\/v2\/comments?post=18509"}],"version-history":[{"count":3,"href":"https:\/\/ficobaunire.org\/fr\/wp-json\/wp\/v2\/posts\/18509\/revisions"}],"predecessor-version":[{"id":20577,"href":"https:\/\/ficobaunire.org\/fr\/wp-json\/wp\/v2\/posts\/18509\/revisions\/20577"}],"wp:featuredmedia":[{"embeddable":true,"href":"https:\/\/ficobaunire.org\/fr\/wp-json\/wp\/v2\/media\/17815"}],"wp:attachment":[{"href":"https:\/\/ficobaunire.org\/fr\/wp-json\/wp\/v2\/media?parent=18509"}],"wp:term":[{"taxonomy":"category","embeddable":true,"href":"https:\/\/ficobaunire.org\/fr\/wp-json\/wp\/v2\/categories?post=18509"},{"taxonomy":"post_tag","embeddable":true,"href":"https:\/\/ficobaunire.org\/fr\/wp-json\/wp\/v2\/tags?post=18509"}],"curies":[{"name":"wp","href":"https:\/\/api.w.org\/{rel}","templated":true}]}}